{"id":205,"date":"2023-06-05T10:42:51","date_gmt":"2023-06-05T10:42:51","guid":{"rendered":"http:\/\/bracketweb.com\/gardonwp\/it-is-nice-when-life-gives-green-air-planet-copy-5\/"},"modified":"2026-06-06T14:08:31","modified_gmt":"2026-06-06T12:08:31","slug":"adipiscing-elit-sed-do-eiusmod-tempor","status":"publish","type":"post","link":"https:\/\/www.mp-zahradnici.sk\/en\/2023\/06\/05\/adipiscing-elit-sed-do-eiusmod-tempor\/","title":{"rendered":"Ako spr\u00e1vne navrhn\u00fa\u0165 modern\u00fd z\u00e1hradn\u00fd chodn\u00edk"},"content":{"rendered":"<p>Z\u00e1hradn\u00fd chodn\u00edk nie je len praktick\u00fdm prvkom, ktor\u00fd sp\u00e1ja jednotliv\u00e9 \u010dasti z\u00e1hrady. Spr\u00e1vne navrhnut\u00fd chodn\u00edk m\u00f4\u017ee v\u00fdrazne ovplyvni\u0165 celkov\u00fd vzh\u013ead priestoru a doda\u0165 z\u00e1hrade \u0161t\u00fdl a eleganciu. Pri pl\u00e1novan\u00ed je d\u00f4le\u017eit\u00e9 myslie\u0165 nielen na dizajn, ale aj na funk\u010dnos\u0165 a bezpe\u010dnos\u0165.<\/p>\n\n\n\n<p>Pri v\u00fdbere materi\u00e1lu sa \u010dasto pou\u017e\u00edvaj\u00fa pr\u00edrodn\u00e9 kamene, bet\u00f3nov\u00e1 dla\u017eba alebo dreven\u00e9 prvky. Ka\u017ed\u00fd materi\u00e1l m\u00e1 svoje v\u00fdhody a dok\u00e1\u017ee vytvori\u0165 in\u00fd vizu\u00e1lny efekt. Kamenn\u00e9 chodn\u00edky p\u00f4sobia prirodzene a hodia sa najm\u00e4 do z\u00e1hrad s pr\u00edrodn\u00fdm \u0161t\u00fdlom, zatia\u013e \u010do modern\u00e1 dla\u017eba vytv\u00e1ra \u010dist\u00fd a elegantn\u00fd vzh\u013ead.<\/p>\n\n\n\n<p>D\u00f4le\u017eit\u00fa \u00falohu zohr\u00e1va aj samotn\u00e9 umiestnenie chodn\u00edka. Mal by vies\u0165 logickou trasou medzi d\u00f4le\u017eit\u00fdmi miestami v z\u00e1hrade, ako s\u00fa terasa, alt\u00e1nok alebo vstup do domu. Z\u00e1rove\u0148 by mal by\u0165 dostato\u010dne \u0161irok\u00fd, aby bol pohodln\u00fd na pou\u017e\u00edvanie.<\/p>\n\n\n\n<p>Pri navrhovan\u00ed chodn\u00edka je dobr\u00e9 myslie\u0165 aj na doplnky, napr\u00edklad osvetlenie alebo dekorat\u00edvne obrubn\u00edky. Tie dok\u00e1\u017eu chodn\u00edk zv\u00fdrazni\u0165 a z\u00e1rove\u0148 zlep\u0161i\u0165 orient\u00e1ciu v z\u00e1hrade po\u010das ve\u010dern\u00fdch hod\u00edn.<\/p>\n\n\n\n<p>Spr\u00e1vne navrhnut\u00fd z\u00e1hradn\u00fd chodn\u00edk tak dok\u00e1\u017ee spoji\u0165 praktickos\u0165 s estetikou a vytvori\u0165 harmonick\u00fd priestor, ktor\u00fd bude pr\u00edjemn\u00fd na ka\u017edodenn\u00e9 pou\u017e\u00edvanie.<\/p>","protected":false},"excerpt":{"rendered":"<p>Z\u00e1hradn\u00fd chodn\u00edk nie je len praktick\u00fdm prvkom, ktor\u00fd sp\u00e1ja jednotliv\u00e9 \u010dasti z\u00e1hrady. Spr\u00e1vne navrhnut\u00fd chodn\u00edk m\u00f4\u017ee v\u00fdrazne ovplyvni\u0165 celkov\u00fd vzh\u013ead priestoru a doda\u0165 z\u00e1hrade \u0161t\u00fdl a eleganciu. Pri pl\u00e1novan\u00ed je d\u00f4le\u017eit\u00e9 myslie\u0165 nielen na dizajn, ale aj na funk\u010dnos\u0165 a bezpe\u010dnos\u0165. Pri v\u00fdbere materi\u00e1lu sa \u010dasto pou\u017e\u00edvaj\u00fa pr\u00edrodn\u00e9 kamene, bet\u00f3nov\u00e1 dla\u017eba alebo dreven\u00e9 prvky. Ka\u017ed\u00fd [&hellip;]<\/p>\n","protected":false},"author":1,"featured_media":198,"comment_status":"closed","ping_status":"closed","sticky":false,"template":"","format":"standard","meta":{"_monsterinsights_skip_tracking":false,"footnotes":""},"categories":[21],"tags":[26,29],"class_list":["post-205","post","type-post","status-publish","format-standard","has-post-thumbnail","hentry","category-landscaping","tag-gardening","tag-water"],"yoast_head":"<!-- This site is optimized with the Yoast SEO plugin v27.1.1 - https:\/\/yoast.com\/product\/yoast-seo-wordpress\/ -->\n<title>Ako spr\u00e1vne navrhn\u00fa\u0165 modern\u00fd z\u00e1hradn\u00fd chodn\u00edk - MP z\u00e1hradn\u00edci<\/title>\n<meta name=\"robots\" content=\"index, follow, max-snippet:-1, max-image-preview:large, max-video-preview:-1\" \/>\n<link rel=\"canonical\" href=\"https:\/\/www.mp-zahradnici.sk\/en\/2023\/06\/05\/adipiscing-elit-sed-do-eiusmod-tempor\/\" \/>\n<meta property=\"og:locale\" content=\"en_GB\" \/>\n<meta property=\"og:type\" content=\"article\" \/>\n<meta property=\"og:title\" content=\"Ako spr\u00e1vne navrhn\u00fa\u0165 modern\u00fd z\u00e1hradn\u00fd chodn\u00edk - MP z\u00e1hradn\u00edci\" \/>\n<meta property=\"og:description\" content=\"Z\u00e1hradn\u00fd chodn\u00edk nie je len praktick\u00fdm prvkom, ktor\u00fd sp\u00e1ja jednotliv\u00e9 \u010dasti z\u00e1hrady. Spr\u00e1vne navrhnut\u00fd chodn\u00edk m\u00f4\u017ee v\u00fdrazne ovplyvni\u0165 celkov\u00fd vzh\u013ead priestoru a doda\u0165 z\u00e1hrade \u0161t\u00fdl a eleganciu. Pri pl\u00e1novan\u00ed je d\u00f4le\u017eit\u00e9 myslie\u0165 nielen na dizajn, ale aj na funk\u010dnos\u0165 a bezpe\u010dnos\u0165. Pri v\u00fdbere materi\u00e1lu sa \u010dasto pou\u017e\u00edvaj\u00fa pr\u00edrodn\u00e9 kamene, bet\u00f3nov\u00e1 dla\u017eba alebo dreven\u00e9 prvky. Ka\u017ed\u00fd [&hellip;]\" \/>\n<meta property=\"og:url\" content=\"https:\/\/www.mp-zahradnici.sk\/en\/2023\/06\/05\/adipiscing-elit-sed-do-eiusmod-tempor\/\" \/>\n<meta property=\"og:site_name\" content=\"MP z\u00e1hradn\u00edci\" \/>\n<meta property=\"article:published_time\" content=\"2023-06-05T10:42:51+00:00\" \/>\n<meta property=\"article:modified_time\" content=\"2026-06-06T12:08:31+00:00\" \/>\n<meta property=\"og:image\" content=\"https:\/\/www.mp-zahradnici.sk\/wp-content\/uploads\/2023\/06\/blog-2.jpg\" \/>\n\t<meta property=\"og:image:width\" content=\"1920\" \/>\n\t<meta property=\"og:image:height\" content=\"1280\" \/>\n\t<meta property=\"og:image:type\" content=\"image\/jpeg\" \/>\n<meta name=\"author\" content=\"zahradnici\" \/>\n<meta name=\"twitter:card\" content=\"summary_large_image\" \/>\n<meta name=\"twitter:label1\" content=\"Written by\" \/>\n\t<meta name=\"twitter:data1\" content=\"zahradnici\" \/>\n\t<meta name=\"twitter:label2\" content=\"Estimated reading time\" \/>\n\t<meta name=\"twitter:data2\" content=\"2 minutes\" \/>\n<script type=\"application\/ld+json\" class=\"yoast-schema-graph\">{\"@context\":\"https:\/\/schema.org\",\"@graph\":[{\"@type\":\"Article\",\"@id\":\"https:\/\/www.mp-zahradnici.sk\/2023\/06\/05\/adipiscing-elit-sed-do-eiusmod-tempor\/#article\",\"isPartOf\":{\"@id\":\"https:\/\/www.mp-zahradnici.sk\/2023\/06\/05\/adipiscing-elit-sed-do-eiusmod-tempor\/\"},\"author\":{\"name\":\"zahradnici\",\"@id\":\"https:\/\/www.mp-zahradnici.sk\/#\/schema\/person\/7371cb2314271df5c263cfc7e11d7ef6\"},\"headline\":\"Ako spr\u00e1vne navrhn\u00fa\u0165 modern\u00fd z\u00e1hradn\u00fd chodn\u00edk\",\"datePublished\":\"2023-06-05T10:42:51+00:00\",\"dateModified\":\"2026-06-06T12:08:31+00:00\",\"mainEntityOfPage\":{\"@id\":\"https:\/\/www.mp-zahradnici.sk\/2023\/06\/05\/adipiscing-elit-sed-do-eiusmod-tempor\/\"},\"wordCount\":250,\"image\":{\"@id\":\"https:\/\/www.mp-zahradnici.sk\/2023\/06\/05\/adipiscing-elit-sed-do-eiusmod-tempor\/#primaryimage\"},\"thumbnailUrl\":\"https:\/\/www.mp-zahradnici.sk\/wp-content\/uploads\/2023\/06\/blog-2.jpg\",\"keywords\":[\"Gardening\",\"Water\"],\"articleSection\":[\"Landscaping\"],\"inLanguage\":\"en-GB\"},{\"@type\":\"WebPage\",\"@id\":\"https:\/\/www.mp-zahradnici.sk\/2023\/06\/05\/adipiscing-elit-sed-do-eiusmod-tempor\/\",\"url\":\"https:\/\/www.mp-zahradnici.sk\/2023\/06\/05\/adipiscing-elit-sed-do-eiusmod-tempor\/\",\"name\":\"Ako spr\u00e1vne navrhn\u00fa\u0165 modern\u00fd z\u00e1hradn\u00fd chodn\u00edk - MP z\u00e1hradn\u00edci\",\"isPartOf\":{\"@id\":\"https:\/\/www.mp-zahradnici.sk\/#website\"},\"primaryImageOfPage\":{\"@id\":\"https:\/\/www.mp-zahradnici.sk\/2023\/06\/05\/adipiscing-elit-sed-do-eiusmod-tempor\/#primaryimage\"},\"image\":{\"@id\":\"https:\/\/www.mp-zahradnici.sk\/2023\/06\/05\/adipiscing-elit-sed-do-eiusmod-tempor\/#primaryimage\"},\"thumbnailUrl\":\"https:\/\/www.mp-zahradnici.sk\/wp-content\/uploads\/2023\/06\/blog-2.jpg\",\"datePublished\":\"2023-06-05T10:42:51+00:00\",\"dateModified\":\"2026-06-06T12:08:31+00:00\",\"author\":{\"@id\":\"https:\/\/www.mp-zahradnici.sk\/#\/schema\/person\/7371cb2314271df5c263cfc7e11d7ef6\"},\"breadcrumb\":{\"@id\":\"https:\/\/www.mp-zahradnici.sk\/2023\/06\/05\/adipiscing-elit-sed-do-eiusmod-tempor\/#breadcrumb\"},\"inLanguage\":\"en-GB\",\"potentialAction\":[{\"@type\":\"ReadAction\",\"target\":[\"https:\/\/www.mp-zahradnici.sk\/2023\/06\/05\/adipiscing-elit-sed-do-eiusmod-tempor\/\"]}]},{\"@type\":\"ImageObject\",\"inLanguage\":\"en-GB\",\"@id\":\"https:\/\/www.mp-zahradnici.sk\/2023\/06\/05\/adipiscing-elit-sed-do-eiusmod-tempor\/#primaryimage\",\"url\":\"https:\/\/www.mp-zahradnici.sk\/wp-content\/uploads\/2023\/06\/blog-2.jpg\",\"contentUrl\":\"https:\/\/www.mp-zahradnici.sk\/wp-content\/uploads\/2023\/06\/blog-2.jpg\",\"width\":1920,\"height\":1280},{\"@type\":\"BreadcrumbList\",\"@id\":\"https:\/\/www.mp-zahradnici.sk\/2023\/06\/05\/adipiscing-elit-sed-do-eiusmod-tempor\/#breadcrumb\",\"itemListElement\":[{\"@type\":\"ListItem\",\"position\":1,\"name\":\"Home\",\"item\":\"https:\/\/www.mp-zahradnici.sk\/\"},{\"@type\":\"ListItem\",\"position\":2,\"name\":\"Ako spr\u00e1vne navrhn\u00fa\u0165 modern\u00fd z\u00e1hradn\u00fd chodn\u00edk\"}]},{\"@type\":\"WebSite\",\"@id\":\"https:\/\/www.mp-zahradnici.sk\/#website\",\"url\":\"https:\/\/www.mp-zahradnici.sk\/\",\"name\":\"MP z\u00e1hradn\u00edci\",\"description\":\"\",\"potentialAction\":[{\"@type\":\"SearchAction\",\"target\":{\"@type\":\"EntryPoint\",\"urlTemplate\":\"https:\/\/www.mp-zahradnici.sk\/?s={search_term_string}\"},\"query-input\":{\"@type\":\"PropertyValueSpecification\",\"valueRequired\":true,\"valueName\":\"search_term_string\"}}],\"inLanguage\":\"en-GB\"},{\"@type\":\"Person\",\"@id\":\"https:\/\/www.mp-zahradnici.sk\/#\/schema\/person\/7371cb2314271df5c263cfc7e11d7ef6\",\"name\":\"zahradnici\",\"image\":{\"@type\":\"ImageObject\",\"inLanguage\":\"en-GB\",\"@id\":\"https:\/\/www.mp-zahradnici.sk\/#\/schema\/person\/image\/\",\"url\":\"https:\/\/secure.gravatar.com\/avatar\/bf72fc778c00a647d18f0cef593a151add2b4c009664af7e3a40104128a4faac?s=96&d=mm&r=g\",\"contentUrl\":\"https:\/\/secure.gravatar.com\/avatar\/bf72fc778c00a647d18f0cef593a151add2b4c009664af7e3a40104128a4faac?s=96&d=mm&r=g\",\"caption\":\"zahradnici\"},\"sameAs\":[\"https:\/\/www.mp-zahradnici.sk\"],\"url\":\"https:\/\/www.mp-zahradnici.sk\/en\/author\/zahradnici\/\"}]}<\/script>\n<!-- \/ Yoast SEO plugin. -->","yoast_head_json":{"title":"Ako spr\u00e1vne navrhn\u00fa\u0165 modern\u00fd z\u00e1hradn\u00fd chodn\u00edk - MP z\u00e1hradn\u00edci","robots":{"index":"index","follow":"follow","max-snippet":"max-snippet:-1","max-image-preview":"max-image-preview:large","max-video-preview":"max-video-preview:-1"},"canonical":"https:\/\/www.mp-zahradnici.sk\/en\/2023\/06\/05\/adipiscing-elit-sed-do-eiusmod-tempor\/","og_locale":"en_GB","og_type":"article","og_title":"Ako spr\u00e1vne navrhn\u00fa\u0165 modern\u00fd z\u00e1hradn\u00fd chodn\u00edk - MP z\u00e1hradn\u00edci","og_description":"Z\u00e1hradn\u00fd chodn\u00edk nie je len praktick\u00fdm prvkom, ktor\u00fd sp\u00e1ja jednotliv\u00e9 \u010dasti z\u00e1hrady. Spr\u00e1vne navrhnut\u00fd chodn\u00edk m\u00f4\u017ee v\u00fdrazne ovplyvni\u0165 celkov\u00fd vzh\u013ead priestoru a doda\u0165 z\u00e1hrade \u0161t\u00fdl a eleganciu. Pri pl\u00e1novan\u00ed je d\u00f4le\u017eit\u00e9 myslie\u0165 nielen na dizajn, ale aj na funk\u010dnos\u0165 a bezpe\u010dnos\u0165. Pri v\u00fdbere materi\u00e1lu sa \u010dasto pou\u017e\u00edvaj\u00fa pr\u00edrodn\u00e9 kamene, bet\u00f3nov\u00e1 dla\u017eba alebo dreven\u00e9 prvky. Ka\u017ed\u00fd [&hellip;]","og_url":"https:\/\/www.mp-zahradnici.sk\/en\/2023\/06\/05\/adipiscing-elit-sed-do-eiusmod-tempor\/","og_site_name":"MP z\u00e1hradn\u00edci","article_published_time":"2023-06-05T10:42:51+00:00","article_modified_time":"2026-06-06T12:08:31+00:00","og_image":[{"width":1920,"height":1280,"url":"https:\/\/www.mp-zahradnici.sk\/wp-content\/uploads\/2023\/06\/blog-2.jpg","type":"image\/jpeg"}],"author":"zahradnici","twitter_card":"summary_large_image","twitter_misc":{"Written by":"zahradnici","Estimated reading time":"2 minutes"},"schema":{"@context":"https:\/\/schema.org","@graph":[{"@type":"Article","@id":"https:\/\/www.mp-zahradnici.sk\/2023\/06\/05\/adipiscing-elit-sed-do-eiusmod-tempor\/#article","isPartOf":{"@id":"https:\/\/www.mp-zahradnici.sk\/2023\/06\/05\/adipiscing-elit-sed-do-eiusmod-tempor\/"},"author":{"name":"zahradnici","@id":"https:\/\/www.mp-zahradnici.sk\/#\/schema\/person\/7371cb2314271df5c263cfc7e11d7ef6"},"headline":"Ako spr\u00e1vne navrhn\u00fa\u0165 modern\u00fd z\u00e1hradn\u00fd chodn\u00edk","datePublished":"2023-06-05T10:42:51+00:00","dateModified":"2026-06-06T12:08:31+00:00","mainEntityOfPage":{"@id":"https:\/\/www.mp-zahradnici.sk\/2023\/06\/05\/adipiscing-elit-sed-do-eiusmod-tempor\/"},"wordCount":250,"image":{"@id":"https:\/\/www.mp-zahradnici.sk\/2023\/06\/05\/adipiscing-elit-sed-do-eiusmod-tempor\/#primaryimage"},"thumbnailUrl":"https:\/\/www.mp-zahradnici.sk\/wp-content\/uploads\/2023\/06\/blog-2.jpg","keywords":["Gardening","Water"],"articleSection":["Landscaping"],"inLanguage":"en-GB"},{"@type":"WebPage","@id":"https:\/\/www.mp-zahradnici.sk\/2023\/06\/05\/adipiscing-elit-sed-do-eiusmod-tempor\/","url":"https:\/\/www.mp-zahradnici.sk\/2023\/06\/05\/adipiscing-elit-sed-do-eiusmod-tempor\/","name":"Ako spr\u00e1vne navrhn\u00fa\u0165 modern\u00fd z\u00e1hradn\u00fd chodn\u00edk - MP z\u00e1hradn\u00edci","isPartOf":{"@id":"https:\/\/www.mp-zahradnici.sk\/#website"},"primaryImageOfPage":{"@id":"https:\/\/www.mp-zahradnici.sk\/2023\/06\/05\/adipiscing-elit-sed-do-eiusmod-tempor\/#primaryimage"},"image":{"@id":"https:\/\/www.mp-zahradnici.sk\/2023\/06\/05\/adipiscing-elit-sed-do-eiusmod-tempor\/#primaryimage"},"thumbnailUrl":"https:\/\/www.mp-zahradnici.sk\/wp-content\/uploads\/2023\/06\/blog-2.jpg","datePublished":"2023-06-05T10:42:51+00:00","dateModified":"2026-06-06T12:08:31+00:00","author":{"@id":"https:\/\/www.mp-zahradnici.sk\/#\/schema\/person\/7371cb2314271df5c263cfc7e11d7ef6"},"breadcrumb":{"@id":"https:\/\/www.mp-zahradnici.sk\/2023\/06\/05\/adipiscing-elit-sed-do-eiusmod-tempor\/#breadcrumb"},"inLanguage":"en-GB","potentialAction":[{"@type":"ReadAction","target":["https:\/\/www.mp-zahradnici.sk\/2023\/06\/05\/adipiscing-elit-sed-do-eiusmod-tempor\/"]}]},{"@type":"ImageObject","inLanguage":"en-GB","@id":"https:\/\/www.mp-zahradnici.sk\/2023\/06\/05\/adipiscing-elit-sed-do-eiusmod-tempor\/#primaryimage","url":"https:\/\/www.mp-zahradnici.sk\/wp-content\/uploads\/2023\/06\/blog-2.jpg","contentUrl":"https:\/\/www.mp-zahradnici.sk\/wp-content\/uploads\/2023\/06\/blog-2.jpg","width":1920,"height":1280},{"@type":"BreadcrumbList","@id":"https:\/\/www.mp-zahradnici.sk\/2023\/06\/05\/adipiscing-elit-sed-do-eiusmod-tempor\/#breadcrumb","itemListElement":[{"@type":"ListItem","position":1,"name":"Home","item":"https:\/\/www.mp-zahradnici.sk\/"},{"@type":"ListItem","position":2,"name":"Ako spr\u00e1vne navrhn\u00fa\u0165 modern\u00fd z\u00e1hradn\u00fd chodn\u00edk"}]},{"@type":"WebSite","@id":"https:\/\/www.mp-zahradnici.sk\/#website","url":"https:\/\/www.mp-zahradnici.sk\/","name":"MP z\u00e1hradn\u00edci","description":"","potentialAction":[{"@type":"SearchAction","target":{"@type":"EntryPoint","urlTemplate":"https:\/\/www.mp-zahradnici.sk\/?s={search_term_string}"},"query-input":{"@type":"PropertyValueSpecification","valueRequired":true,"valueName":"search_term_string"}}],"inLanguage":"en-GB"},{"@type":"Person","@id":"https:\/\/www.mp-zahradnici.sk\/#\/schema\/person\/7371cb2314271df5c263cfc7e11d7ef6","name":"zahradnici","image":{"@type":"ImageObject","inLanguage":"en-GB","@id":"https:\/\/www.mp-zahradnici.sk\/#\/schema\/person\/image\/","url":"https:\/\/secure.gravatar.com\/avatar\/bf72fc778c00a647d18f0cef593a151add2b4c009664af7e3a40104128a4faac?s=96&d=mm&r=g","contentUrl":"https:\/\/secure.gravatar.com\/avatar\/bf72fc778c00a647d18f0cef593a151add2b4c009664af7e3a40104128a4faac?s=96&d=mm&r=g","caption":"zahradnici"},"sameAs":["https:\/\/www.mp-zahradnici.sk"],"url":"https:\/\/www.mp-zahradnici.sk\/en\/author\/zahradnici\/"}]}},"_links":{"self":[{"href":"https:\/\/www.mp-zahradnici.sk\/en\/wp-json\/wp\/v2\/posts\/205","targetHints":{"allow":["GET"]}}],"collection":[{"href":"https:\/\/www.mp-zahradnici.sk\/en\/wp-json\/wp\/v2\/posts"}],"about":[{"href":"https:\/\/www.mp-zahradnici.sk\/en\/wp-json\/wp\/v2\/types\/post"}],"author":[{"embeddable":true,"href":"https:\/\/www.mp-zahradnici.sk\/en\/wp-json\/wp\/v2\/users\/1"}],"replies":[{"embeddable":true,"href":"https:\/\/www.mp-zahradnici.sk\/en\/wp-json\/wp\/v2\/comments?post=205"}],"version-history":[{"count":1,"href":"https:\/\/www.mp-zahradnici.sk\/en\/wp-json\/wp\/v2\/posts\/205\/revisions"}],"predecessor-version":[{"id":1780,"href":"https:\/\/www.mp-zahradnici.sk\/en\/wp-json\/wp\/v2\/posts\/205\/revisions\/1780"}],"wp:featuredmedia":[{"embeddable":true,"href":"https:\/\/www.mp-zahradnici.sk\/en\/wp-json\/wp\/v2\/media\/198"}],"wp:attachment":[{"href":"https:\/\/www.mp-zahradnici.sk\/en\/wp-json\/wp\/v2\/media?parent=205"}],"wp:term":[{"taxonomy":"category","embeddable":true,"href":"https:\/\/www.mp-zahradnici.sk\/en\/wp-json\/wp\/v2\/categories?post=205"},{"taxonomy":"post_tag","embeddable":true,"href":"https:\/\/www.mp-zahradnici.sk\/en\/wp-json\/wp\/v2\/tags?post=205"}],"curies":[{"name":"wp","href":"https:\/\/api.w.org\/{rel}","templated":true}]}}